{"provider_url": "https://www.montadas.pb.leg.br", "title": "Hist\u00f3ria da C\u00e2mara Municipal de \"Montadas\"", "html": "<h2 data-start=\"208\" data-end=\"259\">Hist\u00f3ria da C\u00e2mara Municipal de Montadas \u2013 PB</h2>\r\n<p data-start=\"261\" data-end=\"738\">A hist\u00f3ria da C\u00e2mara Municipal de Montadas est\u00e1 diretamente ligada ao processo de <strong data-start=\"343\" data-end=\"380\">emancipa\u00e7\u00e3o pol\u00edtica do munic\u00edpio</strong>, ocorrido em <strong data-start=\"394\" data-end=\"419\">14 de outubro de 1963</strong>, por meio da <strong data-start=\"433\" data-end=\"458\">Lei Estadual n\u00ba 3.088</strong>, assinada pelo ent\u00e3o governador <strong data-start=\"491\" data-end=\"514\">Pedro Moreno Gondim</strong>. A partir desse momento, Montadas deixou de ser distrito de Esperan\u00e7a e passou a ter autonomia administrativa, possibilitando a cria\u00e7\u00e3o de seus pr\u00f3prios Poderes Executivo e Legislativo. <span data-state=\"closed\"></span></p>\r\n<p data-start=\"740\" data-end=\"1112\">Com a emancipa\u00e7\u00e3o, foi oficialmente <strong data-start=\"776\" data-end=\"820\">instalada a C\u00e2mara Municipal de Montadas</strong>, passando a exercer suas fun\u00e7\u00f5es constitucionais de <strong data-start=\"873\" data-end=\"949\">legislar, fiscalizar e representar os interesses da popula\u00e7\u00e3o montadense</strong>. A Casa Legislativa tornou-se, desde ent\u00e3o, um espa\u00e7o democr\u00e1tico de debates, decis\u00f5es pol\u00edticas e elabora\u00e7\u00e3o de leis que orientam o desenvolvimento do munic\u00edpio.</p>\r\n<h3 data-start=\"1114\" data-end=\"1148\">Funda\u00e7\u00e3o e primeiros passos</h3>\r\n<p data-start=\"1150\" data-end=\"1485\">Os primeiros vereadores eleitos tiveram a miss\u00e3o hist\u00f3rica de <strong data-start=\"1212\" data-end=\"1267\">estruturar o funcionamento do Legislativo Municipal</strong>, elaborando normas internas, criando as primeiras leis e organizando os servi\u00e7os administrativos da C\u00e2mara. Esse per\u00edodo foi marcado pela constru\u00e7\u00e3o das bases institucionais que regem at\u00e9 hoje o funcionamento da Casa.</p>\r\n<p data-start=\"1487\" data-end=\"1785\">Um dos principais nomes ligados ao processo de emancipa\u00e7\u00e3o e \u00e0 consolida\u00e7\u00e3o pol\u00edtica de Montadas foi <strong data-start=\"1588\" data-end=\"1618\">Ant\u00f4nio Ver\u00edssimo de Souza</strong>, considerado o grande articulador da autonomia municipal, tendo papel fundamental na luta pela independ\u00eancia pol\u00edtica da cidade.</p>\r\n<p data-start=\"1487\" data-end=\"1785\">Fonte:\u00a0<a class=\"external-link\" href=\"https://montadas.pb.gov.br/a-cidade/historia\" target=\"_blank\" title=\"\">https://montadas.pb.gov.br/a-cidade/historia</a></p>\r\n<h3 data-start=\"1787\" data-end=\"1813\">Papel institucional</h3>\r\n<p data-start=\"1815\" data-end=\"2180\">Desde sua cria\u00e7\u00e3o, a C\u00e2mara Municipal de Montadas exerce papel essencial na <strong data-start=\"1891\" data-end=\"1928\">constru\u00e7\u00e3o das pol\u00edticas p\u00fablicas</strong>, analisando projetos de lei, apresentando requerimentos, promovendo audi\u00eancias p\u00fablicas e fiscalizando os atos do Poder Executivo, sempre com foco no <strong data-start=\"2079\" data-end=\"2179\">bem-estar social, no desenvolvimento sustent\u00e1vel e na melhoria da qualidade de vida da popula\u00e7\u00e3o</strong>.</p>\r\n<p data-start=\"2182\" data-end=\"2379\">Ao longo das d\u00e9cadas, a institui\u00e7\u00e3o evoluiu, modernizou seus processos, ampliou a transpar\u00eancia e fortaleceu o di\u00e1logo com a sociedade, consolidando-se como um importante pilar da democracia local.</p>\r\n<h3 data-start=\"2381\" data-end=\"2398\">Atualidade</h3>\r\n<p data-start=\"2400\" data-end=\"2654\"><img src=\"https://www.montadas.pb.leg.br/imagens/Capturadetela20260129134809.png/@@images/097f13e9-dec5-4746-9e9f-b86da8a401d3.png\" alt=\"\" class=\"image-left\" title=\"\" />Atualmente, a C\u00e2mara Municipal de Montadas segue comprometida com os princ\u00edpios da <strong data-start=\"2483\" data-end=\"2560\">legalidade, transpar\u00eancia, participa\u00e7\u00e3o popular e responsabilidade social</strong>, atuando de forma ativa no desenvolvimento do munic\u00edpio e na defesa dos interesses coletivos.</p>", "author_name": "Interlegis", "version": "1.0", "author_url": "https://www.montadas.pb.leg.br/author/Interlegis", "provider_name": " ", "type": "rich"}